{"id":559,"date":"2024-03-10T20:56:25","date_gmt":"2024-03-10T18:56:25","guid":{"rendered":"http:\/\/fundacionmosis.com\/blog\/?p=559"},"modified":"2024-03-10T20:56:27","modified_gmt":"2024-03-10T18:56:27","slug":"yo-tambien-soy-adultera","status":"publish","type":"post","link":"http:\/\/fundacionmosis.com\/blog\/?p=559","title":{"rendered":"Yo tambien soy adultera"},"content":{"rendered":"\n<figure class=\"wp-block-image size-full\"><a href=\"http:\/\/fundacionmosis.com\/blog\/wp-content\/uploads\/2024\/03\/fotodepilar.jpg\"><img decoding=\"async\" loading=\"lazy\" width=\"172\" height=\"239\" src=\"http:\/\/fundacionmosis.com\/blog\/wp-content\/uploads\/2024\/03\/fotodepilar.jpg\" alt=\"\" class=\"wp-image-560\"\/><\/a><figcaption class=\"wp-element-caption\">Manifestaci\u00f3n por la despenalizaci\u00f3n del adulterio ante los<br>juzgados de Barcelona, 1976\/1990<br><\/figcaption><\/figure>\n\n\n\n<p>Paseo por ARCO dej\u00e1ndome llevar por lo que me llama la atenci\u00f3n sin tener una ruta fija, ni haber mirado el plano. Lo que m\u00e1s me llama la atenci\u00f3n es que muchas galer\u00edas han optado por pr\u00e1cticamente una exposici\u00f3n individual de una sola artista. Me paro en RocioSantaCruz Art.<\/p>\n\n\n\n<p>Una mujer lleva un ni\u00f1o sobre los hombros y colgado del pecho el cartel: \u201cJoc Tamb\u00e9 Soc Adultera\u201d que traducido dice: \u201cYo tambien soy adultera\u201d es parte de las Jornadas Catalanas de la Mujer, 27-30 de mayo de 1976. Paraninfo de la Universitat de Barcelona, 1976\/1990. En otra foto Mar\u00eda \u00c1ngeles M\u00fa\u00f1oz, acusada de adulterio por su exmarido, entrando en los juzgados acompa\u00f1ada de mujeres de la organizaci\u00f3n feminista, 1976\/1990. La estrategia de afirmar que uno es Tambien parte como hacen los carteles que Pilar Aymerich fotograf\u00eda y que parece que ha hecho para fotografiar me recuerda a Jennifer Baumgardner con su proyecto del 2005 \u201cI have an abortion\u201d.<\/p>\n\n\n\n<p>Sigo mirando las fotograf\u00edas de las protestas Manifestaci\u00f3n organizada por la Coordinadora Feminista en Barcelona contra el maltrato hacia las mujeres, 1977\/1990 y manifestaci\u00f3n contra la violaci\u00f3n y muerte de Ant\u00f2nia Espa\u00f1a, 1977\/1990, en una foto de esta \u00faltima aparece en el teatro del fondo el t\u00edtulo: Los pecados de un ardiente var\u00f3n. Claramente Pilar Aymerich est\u00e1 diciendo en sus fotos que las mujeres no est\u00e1n solas y que la hipocres\u00eda y el doble baremo para el hombre y para la mujer es constante. Esto \u00faltimo se ve, en sus fotos sobre la prostituci\u00f3n infantil y juvenil en los urinarios de Plaza Catalu\u00f1a, 1972. &nbsp;<\/p>\n\n\n\n<p>En una fotograf\u00eda de las Jornadas Catalanas de la Mujer, 27-30 de mayo de 1976. Paraninfo de la Universitat de Barcelona, 1976\/1990, las mujeres modernas con pantalones, pelo te\u00f1ido y gafas de sol contrasta con la mujer que de rodilla friega las baldosas del suelo a mano.<\/p>\n\n\n\n<p>Impresionantes son las fotos de la c\u00e1rcel porque presentan una c\u00e1rcel que de tan domestica no lo parece: Peluquer\u00eda de la prisi\u00f3n, Presa en los talleres de la prisi\u00f3n, Turnos en la cocina, Presa aislada, Dormitorios de la prisi\u00f3n, Presas en el patio de la prisi\u00f3n, Patio de la prisi\u00f3n con funcionarias, Autogesti\u00f3n en la c\u00e1rcel. Se ha adentrado en un universo, el mundo para la mujer en el que todo se transforma en algo agradable, aun en la c\u00e1rcel. &nbsp;Sus fotos de la Manifestaci\u00f3n multitudinaria con el lema \u201cEn Navidad todas a casa\u201d, 1977\/1990, Tambi\u00e9n da la sensaci\u00f3n de que ella ha sido m\u00e1s que una fot\u00f3grafa parte de la organizaci\u00f3n.<\/p>\n\n\n\n<p>Dice el dossier que la galer\u00eda me facilita: \u201cManifestaciones organizadas por la Coordinadora Feminista de Catalu\u00f1a contra la violaci\u00f3n, el derecho al aborto o la violencia machista: La Coordinadora Feminista de Catalu\u00f1a convoc\u00f3, en los a\u00f1os 1976 y 1977, una serie de manifestaciones que acrecentaron el pensamiento feminista de la ciudad de Barcelona. El movimiento por la liberaci\u00f3n de la mujer, gestado a finales del franquismo, empez\u00f3 a reivindicar la libertad femenina pidiendo la condena a la violaci\u00f3n o la violencia machista as\u00ed como el derecho al aborto. Fue en estas protestas donde muchas manifestantes popularizaron la se\u00f1al de la vagina con ambas manos, s\u00edmbolo de identificaci\u00f3n feminista con gran repercusi\u00f3n hasta la actualidad.\u201d<\/p>\n\n\n\n<p><br>Sus fotos sobre la manifestaci\u00f3n para pedir guarder\u00edas gratuitas y subvencionadas, 1976\/1990, explora otro campo del d\u00eda a d\u00eda de la mujer, que adem\u00e1s de sus derechos son sin duda es el foco de atenci\u00f3n de la obra de Pilar Aymerich (Barcelona, Espa\u00f1a, 1943).<\/p>\n\n\n\n<p>Sus fotos se pueden ver en: <a href=\"https:\/\/rociosantacruz.com\/artistas-rsc\/pilar-aymerich\/\">https:\/\/rociosantacruz.com\/artistas-rsc\/pilar-aymerich\/<\/a><\/p>\n","protected":false},"excerpt":{"rendered":"<p>Paseo por ARCO dej\u00e1ndome llevar por lo que me llama la atenci\u00f3n sin tener una ruta fija, ni haber mirado el plano. Lo que m\u00e1s me llama la atenci\u00f3n es que muchas galer\u00edas han optado por pr\u00e1cticamente una exposici\u00f3n individual de una sola artista. Me paro en RocioSantaCruz Art. Una mujer lleva un ni\u00f1o sobre [&hellip;]<\/p>\n","protected":false},"author":1,"featured_media":0,"comment_status":"open","ping_status":"open","sticky":false,"template":"","format":"standard","meta":[],"categories":[1],"tags":[],"_links":{"self":[{"href":"http:\/\/fundacionmosis.com\/blog\/index.php?rest_route=\/wp\/v2\/posts\/559"}],"collection":[{"href":"http:\/\/fundacionmosis.com\/blog\/index.php?rest_route=\/wp\/v2\/posts"}],"about":[{"href":"http:\/\/fundacionmosis.com\/blog\/index.php?rest_route=\/wp\/v2\/types\/post"}],"author":[{"embeddable":true,"href":"http:\/\/fundacionmosis.com\/blog\/index.php?rest_route=\/wp\/v2\/users\/1"}],"replies":[{"embeddable":true,"href":"http:\/\/fundacionmosis.com\/blog\/index.php?rest_route=%2Fwp%2Fv2%2Fcomments&post=559"}],"version-history":[{"count":1,"href":"http:\/\/fundacionmosis.com\/blog\/index.php?rest_route=\/wp\/v2\/posts\/559\/revisions"}],"predecessor-version":[{"id":561,"href":"http:\/\/fundacionmosis.com\/blog\/index.php?rest_route=\/wp\/v2\/posts\/559\/revisions\/561"}],"wp:attachment":[{"href":"http:\/\/fundacionmosis.com\/blog\/index.php?rest_route=%2Fwp%2Fv2%2Fmedia&parent=559"}],"wp:term":[{"taxonomy":"category","embeddable":true,"href":"http:\/\/fundacionmosis.com\/blog\/index.php?rest_route=%2Fwp%2Fv2%2Fcategories&post=559"},{"taxonomy":"post_tag","embeddable":true,"href":"http:\/\/fundacionmosis.com\/blog\/index.php?rest_route=%2Fwp%2Fv2%2Ftags&post=559"}],"curies":[{"name":"wp","href":"https:\/\/api.w.org\/{rel}","templated":true}]}}